{"id":1654,"date":"2022-07-07T10:52:00","date_gmt":"2022-07-07T08:52:00","guid":{"rendered":"https:\/\/www.professionalrelo.com\/it\/?p=1654"},"modified":"2025-10-20T18:05:08","modified_gmt":"2025-10-20T16:05:08","slug":"professional-relo-srl-e-diventata-parte-di-packimpex-group","status":"publish","type":"post","link":"https:\/\/www.professionalrelo.com\/it\/eventi\/rassegna-stampa\/professional-relo-srl-e-diventata-parte-di-packimpex-group\/","title":{"rendered":"Professional Relo Srl \u00e8 diventata parte di Packimpex Group"},"content":{"rendered":"\r\n<p>Professional Relo Srl \u00e8 recentemente entrata a far parte del <a href=\"https:\/\/www.packimpex.ch\/\" target=\"_blank\" rel=\"noreferrer noopener\" aria-label=\"Gruppo Packimpex (opens in a new tab)\">Gruppo Packimpex<\/a>. L&#8217;acquisizione fa parte di un piano di successione messo in atto dalla precedente proprietaria e amministratore delegato di Professional Relo, Maddalena Michieli, purtroppo scomparsa dopo una lunga malattia.<\/p>\r\n\r\n\r\n\r\n<p>&#8220;<em>Siamo terribilmente addolorati per la scomparsa di Maddalena. \u00c8 stata una buona amica e collega che ha ispirato tutti noi e ha fatto progredire l&#8217;azienda per oltre due decenni<\/em>&#8220;, afferma Marco Caporossi che ha coordinato l\u2019acquisizione di Professionale Relo in qualit\u00e0 di direttore ad interim. &#8220;<em>Era desiderio di Maddalena trovare un partner che potesse garantire una stabilit\u00e0 a lungo termine per i clienti, i dipendenti e i partner commerciali quando lei non sarebbe pi\u00f9 stata con noi. Era molto contenta di aver trovato in&nbsp; Packimpex&nbsp; il partner ideale, in grado di garantire&nbsp; questa continuit\u00e0 condividendone&nbsp; i nostri valori. Sono convinto che con l&#8217;integrazione nella rete europea di Packimpex, Professional Relo continuer\u00e0 a far crescere la propria attivit\u00e0 rispondendo in modo esaustivo alle crescenti esigenze dei clienti sia in termini di tecnologia che di conformit\u00e0 legale<\/em>&#8220;.<\/p>\r\n\r\n\r\n\r\n<p>Per tutti i clienti di Professional Relo, per i quali vengono svolti sia i servizi di destinazione che di immigrazione, e per nostri partner commerciali, nulla cambia. L&#8217;attuale <a href=\"https:\/\/www.professionalrelo.com\/it\/uffici\/\">team <\/a>di Professional Relo continuer\u00e0 a fornire servizi in Italia con la consueta qualit\u00e0 e immutato&nbsp;tocco personale. &nbsp;<\/p>\r\n\r\n\r\n\r\n<p>Ora che Professional Relo \u00e8 entrata a far parte del Gruppo Packimpex sar\u00e0 anche in grado di <strong>offrire una gamma pi\u00f9 ampia di servizi, tra i quali il noleggio di mobili<\/strong>. Professional Relo potr\u00e0 inoltre usufruire delle risorse e delle tecnologie interne a Packimpex, per migliorare ulteriormente l&#8217;esperienza della relocation ai propri clienti.<\/p>\r\n\r\n\r\n\r\n<p>L&#8217;intero staff di Professional Relo \u00e8 ora &nbsp;parte del Gruppo Packimpex. &nbsp;Il consolidato Team di esperti insieme a &nbsp;<a rel=\"noreferrer noopener\" aria-label=\"Marta Conterno e Silvia Fiorentini (opens in a new tab)\" href=\"https:\/\/www.professionalrelo.com\/it\/uffici\/\" target=\"_blank\">Marta Conterno e Silvia Fiorentini<\/a>, dipendenti di lunga data, gestiscono le attivit\u00e0 italiane supportate da M\u00e9lanie Mor Zucchero, membro del senior management di Packimpex.<\/p>\r\n\r\n\r\n\r\n<p>Commentando l&#8217;acquisizione, il CEO di Packimpex <a href=\"https:\/\/www.linkedin.com\/in\/damian-aebischer-a52a675\/\" target=\"_blank\" rel=\"noreferrer noopener\" aria-label=\"Damian Aebischer (opens in a new tab)\">Damian Aebischer<\/a> ha dichiarato: &#8220;<em>I nostri pensieri sono rivolti alla famiglia di Maddalena e a tutto il team di Professional Relo dopo la sua recente scomparsa. Ci sentiamo onorati che Maddalena ci abbia affidato la successione della sua azienda e ci impegniamo a svilupparla nel suo spirito. Siamo convinti che la nostra struttura pan-europea consenta di offrire servizi competitivi e innovativi, pur mantenendo quel tocco personale e \u201cfamiliare\u201d che fanno la differenza nell&#8217;esperienza complessiva del cliente. Nonostante le tristi circostanze, siamo felici di integrare nel Gruppo Packimpex un team altamente qualificato ed esperto di professionisti del trasferimento e dell&#8217;immigrazione. La cultura orientata al cliente e i servizi di qualit\u00e0 di Professional Relo ci hanno colpito e sono convinto che, insieme, saremo in grado di migliorare e personalizzare ulteriormente l&#8217;esperienza dei nostri clienti attuali e futuri in Italia<\/em>&#8220;.<\/p>\r\n","protected":false},"excerpt":{"rendered":"<p>Professional Relo Srl \u00e8 recentemente entrata a far parte del Gruppo Packimpex. L&#8217;acquisizione fa parte di un piano di successione messo in atto dalla precedente proprietaria e amministratore delegato di Professional Relo, Maddalena Michieli.<\/p>\n","protected":false},"author":645,"featured_media":1647,"comment_status":"closed","ping_status":"closed","sticky":false,"template":"","format":"standard","meta":{"footnotes":""},"categories":[1,14],"tags":[],"class_list":["post-1654","post","type-post","status-publish","format-standard","has-post-thumbnail","hentry","category-news","category-rassegna-stampa"],"yoast_head":"<!-- This site is optimized with the Yoast SEO plugin v26.2 - https:\/\/yoast.com\/wordpress\/plugins\/seo\/ -->\n<title>Professional Relo Srl \u00e8 diventata parte di Packimpex Group<\/title>\n<meta name=\"description\" content=\"Professional Relo Srl \u00e8 recentemente entrata a far parte del Gruppo Packimpex. L&#039;acquisizione fa parte di un piano di successione messo in atto dalla precedente proprietaria e amministratore delegato di Professional Relo, Maddalena Michieli.\" \/>\n<meta name=\"robots\" content=\"index, follow, max-snippet:-1, max-image-preview:large, max-video-preview:-1\" \/>\n<link rel=\"canonical\" href=\"https:\/\/www.professionalrelo.com\/it\/eventi\/rassegna-stampa\/professional-relo-srl-e-diventata-parte-di-packimpex-group\/\" \/>\n<meta property=\"og:locale\" content=\"it_IT\" \/>\n<meta property=\"og:type\" content=\"article\" \/>\n<meta property=\"og:title\" content=\"Professional Relo Srl \u00e8 diventata parte di Packimpex Group\" \/>\n<meta property=\"og:description\" content=\"Professional Relo Srl \u00e8 recentemente entrata a far parte del Gruppo Packimpex. L&#039;acquisizione fa parte di un piano di successione messo in atto dalla precedente proprietaria e amministratore delegato di Professional Relo, Maddalena Michieli.\" \/>\n<meta property=\"og:url\" content=\"https:\/\/www.professionalrelo.com\/it\/eventi\/rassegna-stampa\/professional-relo-srl-e-diventata-parte-di-packimpex-group\/\" \/>\n<meta property=\"og:site_name\" content=\"Professional Relo\" \/>\n<meta property=\"article:published_time\" content=\"2022-07-07T08:52:00+00:00\" \/>\n<meta property=\"article:modified_time\" content=\"2025-10-20T16:05:08+00:00\" \/>\n<meta property=\"og:image\" content=\"https:\/\/www.professionalrelo.com\/it\/wp-content\/uploads\/sites\/3\/2022\/07\/ProfRelo_pressroom_Packimpex-1024x720-1.jpg\" \/>\n\t<meta property=\"og:image:width\" content=\"1024\" \/>\n\t<meta property=\"og:image:height\" content=\"720\" \/>\n\t<meta property=\"og:image:type\" content=\"image\/jpeg\" \/>\n<meta name=\"author\" content=\"social\" \/>\n<meta name=\"twitter:card\" content=\"summary_large_image\" \/>\n<meta name=\"twitter:label1\" content=\"Scritto da\" \/>\n\t<meta name=\"twitter:data1\" content=\"social\" \/>\n\t<meta name=\"twitter:label2\" content=\"Tempo di lettura stimato\" \/>\n\t<meta name=\"twitter:data2\" content=\"3 minuti\" \/>\n<script type=\"application\/ld+json\" class=\"yoast-schema-graph\">{\"@context\":\"https:\/\/schema.org\",\"@graph\":[{\"@type\":\"Article\",\"@id\":\"https:\/\/www.professionalrelo.com\/it\/eventi\/rassegna-stampa\/professional-relo-srl-e-diventata-parte-di-packimpex-group\/#article\",\"isPartOf\":{\"@id\":\"https:\/\/www.professionalrelo.com\/it\/eventi\/rassegna-stampa\/professional-relo-srl-e-diventata-parte-di-packimpex-group\/\"},\"author\":{\"name\":\"social\",\"@id\":\"https:\/\/www.professionalrelo.com\/it\/#\/schema\/person\/51b42c7898e194ec3181a9e8102b9d7f\"},\"headline\":\"Professional Relo Srl \u00e8 diventata parte di Packimpex Group\",\"datePublished\":\"2022-07-07T08:52:00+00:00\",\"dateModified\":\"2025-10-20T16:05:08+00:00\",\"mainEntityOfPage\":{\"@id\":\"https:\/\/www.professionalrelo.com\/it\/eventi\/rassegna-stampa\/professional-relo-srl-e-diventata-parte-di-packimpex-group\/\"},\"wordCount\":474,\"publisher\":{\"@id\":\"https:\/\/www.professionalrelo.com\/it\/#organization\"},\"image\":{\"@id\":\"https:\/\/www.professionalrelo.com\/it\/eventi\/rassegna-stampa\/professional-relo-srl-e-diventata-parte-di-packimpex-group\/#primaryimage\"},\"thumbnailUrl\":\"https:\/\/www.professionalrelo.com\/it\/wp-content\/uploads\/sites\/3\/2022\/07\/ProfRelo_pressroom_Packimpex-1024x720-1.jpg\",\"articleSection\":[\"News\",\"Rassegna stampa\"],\"inLanguage\":\"it-IT\"},{\"@type\":\"WebPage\",\"@id\":\"https:\/\/www.professionalrelo.com\/it\/eventi\/rassegna-stampa\/professional-relo-srl-e-diventata-parte-di-packimpex-group\/\",\"url\":\"https:\/\/www.professionalrelo.com\/it\/eventi\/rassegna-stampa\/professional-relo-srl-e-diventata-parte-di-packimpex-group\/\",\"name\":\"Professional Relo Srl \u00e8 diventata parte di Packimpex Group\",\"isPartOf\":{\"@id\":\"https:\/\/www.professionalrelo.com\/it\/#website\"},\"primaryImageOfPage\":{\"@id\":\"https:\/\/www.professionalrelo.com\/it\/eventi\/rassegna-stampa\/professional-relo-srl-e-diventata-parte-di-packimpex-group\/#primaryimage\"},\"image\":{\"@id\":\"https:\/\/www.professionalrelo.com\/it\/eventi\/rassegna-stampa\/professional-relo-srl-e-diventata-parte-di-packimpex-group\/#primaryimage\"},\"thumbnailUrl\":\"https:\/\/www.professionalrelo.com\/it\/wp-content\/uploads\/sites\/3\/2022\/07\/ProfRelo_pressroom_Packimpex-1024x720-1.jpg\",\"datePublished\":\"2022-07-07T08:52:00+00:00\",\"dateModified\":\"2025-10-20T16:05:08+00:00\",\"description\":\"Professional Relo Srl \u00e8 recentemente entrata a far parte del Gruppo Packimpex. L'acquisizione fa parte di un piano di successione messo in atto dalla precedente proprietaria e amministratore delegato di Professional Relo, Maddalena Michieli.\",\"breadcrumb\":{\"@id\":\"https:\/\/www.professionalrelo.com\/it\/eventi\/rassegna-stampa\/professional-relo-srl-e-diventata-parte-di-packimpex-group\/#breadcrumb\"},\"inLanguage\":\"it-IT\",\"potentialAction\":[{\"@type\":\"ReadAction\",\"target\":[\"https:\/\/www.professionalrelo.com\/it\/eventi\/rassegna-stampa\/professional-relo-srl-e-diventata-parte-di-packimpex-group\/\"]}]},{\"@type\":\"ImageObject\",\"inLanguage\":\"it-IT\",\"@id\":\"https:\/\/www.professionalrelo.com\/it\/eventi\/rassegna-stampa\/professional-relo-srl-e-diventata-parte-di-packimpex-group\/#primaryimage\",\"url\":\"https:\/\/www.professionalrelo.com\/it\/wp-content\/uploads\/sites\/3\/2022\/07\/ProfRelo_pressroom_Packimpex-1024x720-1.jpg\",\"contentUrl\":\"https:\/\/www.professionalrelo.com\/it\/wp-content\/uploads\/sites\/3\/2022\/07\/ProfRelo_pressroom_Packimpex-1024x720-1.jpg\",\"width\":1024,\"height\":720},{\"@type\":\"BreadcrumbList\",\"@id\":\"https:\/\/www.professionalrelo.com\/it\/eventi\/rassegna-stampa\/professional-relo-srl-e-diventata-parte-di-packimpex-group\/#breadcrumb\",\"itemListElement\":[{\"@type\":\"ListItem\",\"position\":1,\"name\":\"Home\",\"item\":\"https:\/\/www.professionalrelo.com\/it\/\"},{\"@type\":\"ListItem\",\"position\":2,\"name\":\"Professional Relo Srl \u00e8 diventata parte di Packimpex Group\"}]},{\"@type\":\"WebSite\",\"@id\":\"https:\/\/www.professionalrelo.com\/it\/#website\",\"url\":\"https:\/\/www.professionalrelo.com\/it\/\",\"name\":\"Professional Relo\",\"description\":\"The key to employee mobility\",\"publisher\":{\"@id\":\"https:\/\/www.professionalrelo.com\/it\/#organization\"},\"potentialAction\":[{\"@type\":\"SearchAction\",\"target\":{\"@type\":\"EntryPoint\",\"urlTemplate\":\"https:\/\/www.professionalrelo.com\/it\/?s={search_term_string}\"},\"query-input\":{\"@type\":\"PropertyValueSpecification\",\"valueRequired\":true,\"valueName\":\"search_term_string\"}}],\"inLanguage\":\"it-IT\"},{\"@type\":\"Organization\",\"@id\":\"https:\/\/www.professionalrelo.com\/it\/#organization\",\"name\":\"Professional Relo\",\"url\":\"https:\/\/www.professionalrelo.com\/it\/\",\"logo\":{\"@type\":\"ImageObject\",\"inLanguage\":\"it-IT\",\"@id\":\"https:\/\/www.professionalrelo.com\/it\/#\/schema\/logo\/image\/\",\"url\":\"https:\/\/www.professionalrelo.com\/it\/wp-content\/uploads\/sites\/3\/2024\/04\/ProfessionalRelo_small_b.jpg\",\"contentUrl\":\"https:\/\/www.professionalrelo.com\/it\/wp-content\/uploads\/sites\/3\/2024\/04\/ProfessionalRelo_small_b.jpg\",\"width\":1600,\"height\":400,\"caption\":\"Professional Relo\"},\"image\":{\"@id\":\"https:\/\/www.professionalrelo.com\/it\/#\/schema\/logo\/image\/\"},\"sameAs\":[\"https:\/\/www.linkedin.com\/company\/professional-relo-srl\/\"]},{\"@type\":\"Person\",\"@id\":\"https:\/\/www.professionalrelo.com\/it\/#\/schema\/person\/51b42c7898e194ec3181a9e8102b9d7f\",\"name\":\"social\"}]}<\/script>\n<!-- \/ Yoast SEO plugin. -->","yoast_head_json":{"title":"Professional Relo Srl \u00e8 diventata parte di Packimpex Group","description":"Professional Relo Srl \u00e8 recentemente entrata a far parte del Gruppo Packimpex. L'acquisizione fa parte di un piano di successione messo in atto dalla precedente proprietaria e amministratore delegato di Professional Relo, Maddalena Michieli.","robots":{"index":"index","follow":"follow","max-snippet":"max-snippet:-1","max-image-preview":"max-image-preview:large","max-video-preview":"max-video-preview:-1"},"canonical":"https:\/\/www.professionalrelo.com\/it\/eventi\/rassegna-stampa\/professional-relo-srl-e-diventata-parte-di-packimpex-group\/","og_locale":"it_IT","og_type":"article","og_title":"Professional Relo Srl \u00e8 diventata parte di Packimpex Group","og_description":"Professional Relo Srl \u00e8 recentemente entrata a far parte del Gruppo Packimpex. L'acquisizione fa parte di un piano di successione messo in atto dalla precedente proprietaria e amministratore delegato di Professional Relo, Maddalena Michieli.","og_url":"https:\/\/www.professionalrelo.com\/it\/eventi\/rassegna-stampa\/professional-relo-srl-e-diventata-parte-di-packimpex-group\/","og_site_name":"Professional Relo","article_published_time":"2022-07-07T08:52:00+00:00","article_modified_time":"2025-10-20T16:05:08+00:00","og_image":[{"width":1024,"height":720,"url":"https:\/\/www.professionalrelo.com\/it\/wp-content\/uploads\/sites\/3\/2022\/07\/ProfRelo_pressroom_Packimpex-1024x720-1.jpg","type":"image\/jpeg"}],"author":"social","twitter_card":"summary_large_image","twitter_misc":{"Scritto da":"social","Tempo di lettura stimato":"3 minuti"},"schema":{"@context":"https:\/\/schema.org","@graph":[{"@type":"Article","@id":"https:\/\/www.professionalrelo.com\/it\/eventi\/rassegna-stampa\/professional-relo-srl-e-diventata-parte-di-packimpex-group\/#article","isPartOf":{"@id":"https:\/\/www.professionalrelo.com\/it\/eventi\/rassegna-stampa\/professional-relo-srl-e-diventata-parte-di-packimpex-group\/"},"author":{"name":"social","@id":"https:\/\/www.professionalrelo.com\/it\/#\/schema\/person\/51b42c7898e194ec3181a9e8102b9d7f"},"headline":"Professional Relo Srl \u00e8 diventata parte di Packimpex Group","datePublished":"2022-07-07T08:52:00+00:00","dateModified":"2025-10-20T16:05:08+00:00","mainEntityOfPage":{"@id":"https:\/\/www.professionalrelo.com\/it\/eventi\/rassegna-stampa\/professional-relo-srl-e-diventata-parte-di-packimpex-group\/"},"wordCount":474,"publisher":{"@id":"https:\/\/www.professionalrelo.com\/it\/#organization"},"image":{"@id":"https:\/\/www.professionalrelo.com\/it\/eventi\/rassegna-stampa\/professional-relo-srl-e-diventata-parte-di-packimpex-group\/#primaryimage"},"thumbnailUrl":"https:\/\/www.professionalrelo.com\/it\/wp-content\/uploads\/sites\/3\/2022\/07\/ProfRelo_pressroom_Packimpex-1024x720-1.jpg","articleSection":["News","Rassegna stampa"],"inLanguage":"it-IT"},{"@type":"WebPage","@id":"https:\/\/www.professionalrelo.com\/it\/eventi\/rassegna-stampa\/professional-relo-srl-e-diventata-parte-di-packimpex-group\/","url":"https:\/\/www.professionalrelo.com\/it\/eventi\/rassegna-stampa\/professional-relo-srl-e-diventata-parte-di-packimpex-group\/","name":"Professional Relo Srl \u00e8 diventata parte di Packimpex Group","isPartOf":{"@id":"https:\/\/www.professionalrelo.com\/it\/#website"},"primaryImageOfPage":{"@id":"https:\/\/www.professionalrelo.com\/it\/eventi\/rassegna-stampa\/professional-relo-srl-e-diventata-parte-di-packimpex-group\/#primaryimage"},"image":{"@id":"https:\/\/www.professionalrelo.com\/it\/eventi\/rassegna-stampa\/professional-relo-srl-e-diventata-parte-di-packimpex-group\/#primaryimage"},"thumbnailUrl":"https:\/\/www.professionalrelo.com\/it\/wp-content\/uploads\/sites\/3\/2022\/07\/ProfRelo_pressroom_Packimpex-1024x720-1.jpg","datePublished":"2022-07-07T08:52:00+00:00","dateModified":"2025-10-20T16:05:08+00:00","description":"Professional Relo Srl \u00e8 recentemente entrata a far parte del Gruppo Packimpex. L'acquisizione fa parte di un piano di successione messo in atto dalla precedente proprietaria e amministratore delegato di Professional Relo, Maddalena Michieli.","breadcrumb":{"@id":"https:\/\/www.professionalrelo.com\/it\/eventi\/rassegna-stampa\/professional-relo-srl-e-diventata-parte-di-packimpex-group\/#breadcrumb"},"inLanguage":"it-IT","potentialAction":[{"@type":"ReadAction","target":["https:\/\/www.professionalrelo.com\/it\/eventi\/rassegna-stampa\/professional-relo-srl-e-diventata-parte-di-packimpex-group\/"]}]},{"@type":"ImageObject","inLanguage":"it-IT","@id":"https:\/\/www.professionalrelo.com\/it\/eventi\/rassegna-stampa\/professional-relo-srl-e-diventata-parte-di-packimpex-group\/#primaryimage","url":"https:\/\/www.professionalrelo.com\/it\/wp-content\/uploads\/sites\/3\/2022\/07\/ProfRelo_pressroom_Packimpex-1024x720-1.jpg","contentUrl":"https:\/\/www.professionalrelo.com\/it\/wp-content\/uploads\/sites\/3\/2022\/07\/ProfRelo_pressroom_Packimpex-1024x720-1.jpg","width":1024,"height":720},{"@type":"BreadcrumbList","@id":"https:\/\/www.professionalrelo.com\/it\/eventi\/rassegna-stampa\/professional-relo-srl-e-diventata-parte-di-packimpex-group\/#breadcrumb","itemListElement":[{"@type":"ListItem","position":1,"name":"Home","item":"https:\/\/www.professionalrelo.com\/it\/"},{"@type":"ListItem","position":2,"name":"Professional Relo Srl \u00e8 diventata parte di Packimpex Group"}]},{"@type":"WebSite","@id":"https:\/\/www.professionalrelo.com\/it\/#website","url":"https:\/\/www.professionalrelo.com\/it\/","name":"Professional Relo","description":"The key to employee mobility","publisher":{"@id":"https:\/\/www.professionalrelo.com\/it\/#organization"},"potentialAction":[{"@type":"SearchAction","target":{"@type":"EntryPoint","urlTemplate":"https:\/\/www.professionalrelo.com\/it\/?s={search_term_string}"},"query-input":{"@type":"PropertyValueSpecification","valueRequired":true,"valueName":"search_term_string"}}],"inLanguage":"it-IT"},{"@type":"Organization","@id":"https:\/\/www.professionalrelo.com\/it\/#organization","name":"Professional Relo","url":"https:\/\/www.professionalrelo.com\/it\/","logo":{"@type":"ImageObject","inLanguage":"it-IT","@id":"https:\/\/www.professionalrelo.com\/it\/#\/schema\/logo\/image\/","url":"https:\/\/www.professionalrelo.com\/it\/wp-content\/uploads\/sites\/3\/2024\/04\/ProfessionalRelo_small_b.jpg","contentUrl":"https:\/\/www.professionalrelo.com\/it\/wp-content\/uploads\/sites\/3\/2024\/04\/ProfessionalRelo_small_b.jpg","width":1600,"height":400,"caption":"Professional Relo"},"image":{"@id":"https:\/\/www.professionalrelo.com\/it\/#\/schema\/logo\/image\/"},"sameAs":["https:\/\/www.linkedin.com\/company\/professional-relo-srl\/"]},{"@type":"Person","@id":"https:\/\/www.professionalrelo.com\/it\/#\/schema\/person\/51b42c7898e194ec3181a9e8102b9d7f","name":"social"}]}},"_links":{"self":[{"href":"https:\/\/www.professionalrelo.com\/it\/wp-json\/wp\/v2\/posts\/1654","targetHints":{"allow":["GET"]}}],"collection":[{"href":"https:\/\/www.professionalrelo.com\/it\/wp-json\/wp\/v2\/posts"}],"about":[{"href":"https:\/\/www.professionalrelo.com\/it\/wp-json\/wp\/v2\/types\/post"}],"author":[{"embeddable":true,"href":"https:\/\/www.professionalrelo.com\/it\/wp-json\/wp\/v2\/users\/645"}],"replies":[{"embeddable":true,"href":"https:\/\/www.professionalrelo.com\/it\/wp-json\/wp\/v2\/comments?post=1654"}],"version-history":[{"count":6,"href":"https:\/\/www.professionalrelo.com\/it\/wp-json\/wp\/v2\/posts\/1654\/revisions"}],"predecessor-version":[{"id":1660,"href":"https:\/\/www.professionalrelo.com\/it\/wp-json\/wp\/v2\/posts\/1654\/revisions\/1660"}],"wp:featuredmedia":[{"embeddable":true,"href":"https:\/\/www.professionalrelo.com\/it\/wp-json\/wp\/v2\/media\/1647"}],"wp:attachment":[{"href":"https:\/\/www.professionalrelo.com\/it\/wp-json\/wp\/v2\/media?parent=1654"}],"wp:term":[{"taxonomy":"category","embeddable":true,"href":"https:\/\/www.professionalrelo.com\/it\/wp-json\/wp\/v2\/categories?post=1654"},{"taxonomy":"post_tag","embeddable":true,"href":"https:\/\/www.professionalrelo.com\/it\/wp-json\/wp\/v2\/tags?post=1654"}],"curies":[{"name":"wp","href":"https:\/\/api.w.org\/{rel}","templated":true}]}}